{"id":2990,"date":"2018-03-19T02:06:00","date_gmt":"2018-03-19T07:06:00","guid":{"rendered":"https:\/\/worldcarenew.wpenginepowered.com\/?p=2990"},"modified":"2026-03-08T02:26:18","modified_gmt":"2026-03-08T07:26:18","slug":"pogresna-dijagnoza-demencije","status":"publish","type":"post","link":"https:\/\/www.worldcare.com\/hr\/a-misdiagnosis-of-dementia\/","title":{"rendered":"Pogre\u0161na dijagnoza demencije"},"content":{"rendered":"<p>U studenom 2016. konzultanti u bolnici Hull Royal Infirmary u Ujedinjenom Kraljevstvu rekli su Jacqueline Dibb i njezinom suprugu Robu da Jacqueline ima frontotemporalnu demenciju, neurodegenerativnu bolest klasificiranu kao \u201cnajgori\u201d tip demencije koja \u201cvas \u010dini nasilnim\u201d i \u201cgubi prepoznavanje ljudi oko sebe\u201d, prema Robu Dibbu. \u201cRekli su da ima o\u010dekivano trajanje \u017eivota od pet do sedam godina i da za godinu do dvije vi\u0161e ne\u0107e prepoznavati svoju obitelj\u2019, dodao je.<\/p>\n\n\n\n<p>Zbog dijagnoze, Jacqueline je jednoj od svojih dvanaestogodi\u0161njakinja rekla da je jako bolesna i da \u0107e na kraju do\u0107i do to\u010dke u kojoj vi\u0161e ne\u0107e prepoznati djevoj\u010dicu. Jacqueline i njezin suprug prihvatili su dijagnozu i ona je po\u010dela uzimati memantin, lijek koji se koristi za lije\u010denje oboljelih od te\u0161ke Alzheimerove bolesti, nakon \u0161to joj je propisan.<\/p>\n\n\n\n<p>Me\u0111utim, u listopadu 2017. PET snimka je otkrila da Jacqueline nije imala frontotemporalnu demenciju ili neurodegenerativnu bolest te da je njezino stanje pogre\u0161no dijagnosticirano. Jacquelinein suprug opisao je godinu pogre\u0161ne dijagnoze kao \u201cpakao\u201d i izjavio: \u201cNije bila samo psihi\u010dki o\u0161te\u0107ena, ve\u0107 i fizi\u010dki jer joj je propisan pogre\u0161an lijek.\u201d<\/p>\n\n\n\n<p>Procjenjuje se da je 2015. godine 46,8 milijuna ljudi \u017eivjelo s demencijom. Ova ra\u0161irena neurodegenerativna bolest ima mnoge simptome koji se tako\u0111er koreliraju s drugim neurolo\u0161kim stanjima, \u0161to rezultira pote\u0161ko\u0107ama u dijagnosticiranju i visokim stopama pogre\u0161nih dijagnoza.&nbsp;<a href=\"https:\/\/www.worldcare.com\/hr\/mso\/\">drugo medicinsko mi\u0161ljenje (MSO)<\/a>&nbsp;od&nbsp;<a href=\"https:\/\/www.worldcare.com\/hr\/consortium\/\">tim vode\u0107ih stru\u010dnjaka u vrhunskoj istra\u017eiva\u010dkoj ili akademskoj bolnici<\/a>&nbsp;mo\u017ee potvrditi ili modificirati dijagnozu i uvijek ga treba potra\u017eiti nakon sumnje na dijagnozu demencije, kako bi se dobile informacije o optimalnim planovima lije\u010denja i sigurnost u vezi sa stanjem i njegovim napredovanjem.<\/p>\n\n\n\n<p><a href=\"https:\/\/www.worldcare.com\/hr\/mso\/\">WorldCareova MSO usluga<\/a>&nbsp;poma\u017ee \u010dlanovima da potvrde dijagnozu i provedu optimalne preporuke za plan lije\u010denja ve\u0107 vi\u0161e od 25 godina, s oko 12% pregledanih slu\u010dajeva koji su bili neurolo\u0161ki slu\u010dajevi. Promjena dijagnoze doga\u0111a se u 26 posto pregledanih slu\u010dajeva, a promjena plana lije\u010denja doga\u0111a se u 75 posto slu\u010dajeva, \u0161to daje&nbsp;<a href=\"https:\/\/www.worldcare.com\/hr\/iskustvo-clanova\/\">\u010dlanovi<\/a>&nbsp;<a href=\"https:\/\/www.worldcare.com\/hr\/iskustvo-clanova\/\">mir uma<\/a>&nbsp;da je njihova zdravstvena skrb to\u010dna, u\u010dinkovita i utemeljena na najnovijim medicinskim istra\u017eivanjima u svijetu.<\/p>\n\n\n\n<p><a href=\"https:\/\/www.worldcare.com\/hr\/mso\/\">WorldCareova MSO usluga<\/a>&nbsp;\u010dini ogromnu razliku za na\u0161e \u010dlanove, pobolj\u0161avaju\u0107i zdravstvene ishode i kontroliraju\u0107i tro\u0161kove zdravstvene skrbi diljem svijeta. Ako ste \u010dlan i \u017eelite zatra\u017eiti uslugu ili ako ste poslodavac, osiguravatelj, broker ili TPA zainteresiran za ponudu na\u0161ih usluga, molimo&nbsp;<a href=\"https:\/\/www.worldcare.com\/hr\/kontakt\/\">kontaktirajte nas<\/a>&nbsp;danas.<\/p>\n\n\n\n<p>Izvor:&nbsp;<a href=\"https:\/\/www.hulldailymail.co.uk\/news\/hull-east-yorkshire-news\/doctors-thought-crippling-anxiety-dementia-1239477\" target=\"_blank\" rel=\"noopener\">https:\/\/www.hulldailymail.co.uk\/news\/hull-east-yorkshire-news\/doctors-thought-crippling-anxiety-dementia-1239477<\/a><\/p>","protected":false},"excerpt":{"rendered":"<p>In November 2016, Jacqueline Dibb and her husband Rob were told by consultants at Hull Royal Infirmary in the United Kingdom that Jacqueline had frontotemporal dementia, a neurodegenerative disease classified as the \u201cworst\u201d type of dementia that \u201cmakes you violent\u201d and \u201close recognition of the people around you,\u201d according to Rob Dibb. \u201cThey said she [&hellip;]<\/p>\n","protected":false},"author":1,"featured_media":2991,"comment_status":"closed","ping_status":"closed","sticky":false,"template":"","format":"standard","meta":{"footnotes":""},"categories":[41],"tags":[58,53,59],"class_list":["post-2990","post","type-post","status-publish","format-standard","has-post-thumbnail","hentry","category-dementia","tag-dementia","tag-health","tag-second-opinion"],"_links":{"self":[{"href":"https:\/\/www.worldcare.com\/hr\/wp-json\/wp\/v2\/posts\/2990","targetHints":{"allow":["GET"]}}],"collection":[{"href":"https:\/\/www.worldcare.com\/hr\/wp-json\/wp\/v2\/posts"}],"about":[{"href":"https:\/\/www.worldcare.com\/hr\/wp-json\/wp\/v2\/types\/post"}],"author":[{"embeddable":true,"href":"https:\/\/www.worldcare.com\/hr\/wp-json\/wp\/v2\/users\/1"}],"replies":[{"embeddable":true,"href":"https:\/\/www.worldcare.com\/hr\/wp-json\/wp\/v2\/comments?post=2990"}],"version-history":[{"count":0,"href":"https:\/\/www.worldcare.com\/hr\/wp-json\/wp\/v2\/posts\/2990\/revisions"}],"wp:featuredmedia":[{"embeddable":true,"href":"https:\/\/www.worldcare.com\/hr\/wp-json\/wp\/v2\/media\/2991"}],"wp:attachment":[{"href":"https:\/\/www.worldcare.com\/hr\/wp-json\/wp\/v2\/media?parent=2990"}],"wp:term":[{"taxonomy":"category","embeddable":true,"href":"https:\/\/www.worldcare.com\/hr\/wp-json\/wp\/v2\/categories?post=2990"},{"taxonomy":"post_tag","embeddable":true,"href":"https:\/\/www.worldcare.com\/hr\/wp-json\/wp\/v2\/tags?post=2990"}],"curies":[{"name":"radni list","href":"https:\/\/api.w.org\/{rel}","templated":true}]}}